{"id":5662,"date":"2026-08-31T13:54:35","date_gmt":"2026-08-31T11:54:35","guid":{"rendered":"https:\/\/www.burghof-kyf.de\/?p=5662"},"modified":"2026-08-31T13:54:37","modified_gmt":"2026-08-31T11:54:37","slug":"wichtige-info-3","status":"publish","type":"post","link":"https:\/\/www.burghof-kyf.de\/en\/wichtige-info-3\/","title":{"rendered":"Wichtige Info!"},"content":{"rendered":"<p class=\"wp-block-paragraph\">Liebe Freundinnen und Freunde des Burghofs,<\/p>\n\n\n\n<p class=\"wp-block-paragraph\">am Sonntag, den 06.09.26 schlie\u00dft unser Restaurant f\u00fcr den regul\u00e4ren Betrieb ab 14:30 Uhr.<\/p>\n\n\n\n<p class=\"wp-block-paragraph\">Wir begr\u00fc\u00dfen an diesem Tag die Musikschule Fr\u00f6hlich zu Ihrem Abschlusskonzert. Wir w\u00fcnschen Allen Teilnehmern viel Spa\u00df bei der Veranstaltung.<\/p>\n\n\n\n<p class=\"wp-block-paragraph\">Am Montag den 07.09.26, sind wir wieder ab 14:00 Uhr f\u00fcr euch da!<\/p>\n\n\n\n<p class=\"wp-block-paragraph\"><br>Vielen Dank f\u00fcr euer Verst\u00e4ndnis.<\/p>\n\n\n\n<p class=\"wp-block-paragraph\">Euer Team vom Burghof Kyffh\u00e4user \ud83c\udff0<\/p>\n\n\n\n<p class=\"wp-block-paragraph\"><\/p>","protected":false},"excerpt":{"rendered":"<p>Liebe Freundinnen und Freunde des Burghofs, am Sonntag, den 06.09.26 schlie\u00dft unser Restaurant f\u00fcr den regul\u00e4ren Betrieb ab 14:30 Uhr. Wir begr\u00fc\u00dfen an diesem Tag die Musikschule Fr\u00f6hlich zu Ihrem Abschlusskonzert. Wir w\u00fcnschen Allen Teilnehmern viel Spa\u00df bei der Veranstaltung. [&hellip;]<\/p>\n","protected":false},"author":1,"featured_media":5664,"comment_status":"closed","ping_status":"open","sticky":false,"template":"","format":"standard","meta":{"_monsterinsights_skip_tracking":false,"footnotes":""},"categories":[1],"tags":[],"class_list":["post-5662","post","type-post","status-publish","format-standard","has-post-thumbnail","hentry","category-allgemein"],"aioseo_notices":[],"aioseo_head":"\n\t\t<!-- All in One SEO 5.0.1.1 - aioseo.com -->\n\t<meta name=\"description\" content=\"Liebe Freundinnen und Freunde des Burghofs, am Sonntag, den 06.09.26 schlie\u00dft unser Restaurant f\u00fcr den regul\u00e4ren Betrieb ab 14:30 Uhr. Wir begr\u00fc\u00dfen an diesem Tag die Musikschule Fr\u00f6hlich zu Ihrem Abschlusskonzert. Wir w\u00fcnschen Allen Teilnehmern viel Spa\u00df bei der Veranstaltung. Am Montag den 07.09.26, sind wir wieder ab 14:00 Uhr f\u00fcr euch da! Vielen Dank\" \/>\n\t<meta name=\"robots\" content=\"max-image-preview:large\" \/>\n\t<meta name=\"author\" content=\"HS\"\/>\n\t<meta name=\"google-site-verification\" content=\"_vsXsg-qOuu8G6U2eEbiYQZMQtLI0UHXmSjCQ98FNxk\" \/>\n\t<link rel=\"canonical\" href=\"https:\/\/www.burghof-kyf.de\/en\/wichtige-info-3\/\" \/>\n\t<meta name=\"generator\" content=\"All in One SEO (AIOSEO) 5.0.1.1\" \/>\n\t\t<meta property=\"og:locale\" content=\"en_US\" \/>\n\t\t<meta property=\"og:site_name\" content=\"www.burghof-kyf.de - Heute ein Kaiser!\" \/>\n\t\t<meta property=\"og:type\" content=\"article\" \/>\n\t\t<meta property=\"og:title\" content=\"Wichtige Info! - www.burghof-kyf.de\" \/>\n\t\t<meta property=\"og:description\" content=\"Liebe Freundinnen und Freunde des Burghofs, am Sonntag, den 06.09.26 schlie\u00dft unser Restaurant f\u00fcr den regul\u00e4ren Betrieb ab 14:30 Uhr. Wir begr\u00fc\u00dfen an diesem Tag die Musikschule Fr\u00f6hlich zu Ihrem Abschlusskonzert. Wir w\u00fcnschen Allen Teilnehmern viel Spa\u00df bei der Veranstaltung. Am Montag den 07.09.26, sind wir wieder ab 14:00 Uhr f\u00fcr euch da! Vielen Dank\" \/>\n\t\t<meta property=\"og:url\" content=\"https:\/\/www.burghof-kyf.de\/en\/wichtige-info-3\/\" \/>\n\t\t<meta property=\"og:image\" content=\"https:\/\/www.burghof-kyf.de\/wp-content\/uploads\/2020\/12\/2021-Logo-Button-schwarz-e1712925178915.png\" \/>\n\t\t<meta property=\"og:image:secure_url\" content=\"https:\/\/www.burghof-kyf.de\/wp-content\/uploads\/2020\/12\/2021-Logo-Button-schwarz-e1712925178915.png\" \/>\n\t\t<meta property=\"og:image:width\" content=\"80\" \/>\n\t\t<meta property=\"og:image:height\" content=\"80\" \/>\n\t\t<meta property=\"article:published_time\" content=\"2026-08-31T11:54:35+00:00\" \/>\n\t\t<meta property=\"article:modified_time\" content=\"2026-08-31T11:54:37+00:00\" \/>\n\t\t<meta property=\"article:publisher\" content=\"https:\/\/www.facebook.com\/people\/Burghof-Kyffhuser\/100053175236025\/\" \/>\n\t\t<meta name=\"twitter:card\" content=\"summary_large_image\" \/>\n\t\t<meta name=\"twitter:title\" content=\"Wichtige Info! - www.burghof-kyf.de\" \/>\n\t\t<meta name=\"twitter:description\" content=\"Liebe Freundinnen und Freunde des Burghofs, am Sonntag, den 06.09.26 schlie\u00dft unser Restaurant f\u00fcr den regul\u00e4ren Betrieb ab 14:30 Uhr. Wir begr\u00fc\u00dfen an diesem Tag die Musikschule Fr\u00f6hlich zu Ihrem Abschlusskonzert. Wir w\u00fcnschen Allen Teilnehmern viel Spa\u00df bei der Veranstaltung. Am Montag den 07.09.26, sind wir wieder ab 14:00 Uhr f\u00fcr euch da! Vielen Dank\" \/>\n\t\t<meta name=\"twitter:image\" content=\"https:\/\/www.burghof-kyf.de\/wp-content\/uploads\/2020\/12\/2021-Logo-Button-schwarz-e1712925178915.png\" \/>\n\t\t<script type=\"application\/ld+json\" class=\"aioseo-schema\">\n\t\t\t{\"@context\":\"https:\\\/\\\/schema.org\",\"@graph\":[{\"@type\":\"BlogPosting\",\"@id\":\"https:\\\/\\\/www.burghof-kyf.de\\\/en\\\/wichtige-info-3\\\/#blogposting\",\"name\":\"Wichtige Info! - www.burghof-kyf.de\",\"headline\":\"Wichtige Info!\",\"author\":{\"@id\":\"https:\\\/\\\/www.burghof-kyf.de\\\/en\\\/author\\\/burghof\\\/#author\"},\"publisher\":{\"@id\":\"https:\\\/\\\/www.burghof-kyf.de\\\/en\\\/#organization\"},\"image\":{\"@type\":\"ImageObject\",\"url\":\"https:\\\/\\\/www.burghof-kyf.de\\\/wp-content\\\/uploads\\\/2026\\\/08\\\/Sonntag-06.09.2026.jpg\",\"width\":1080,\"height\":1350},\"datePublished\":\"2026-08-31T13:54:35+02:00\",\"dateModified\":\"2026-08-31T13:54:37+02:00\",\"inLanguage\":\"en-US\",\"mainEntityOfPage\":{\"@id\":\"https:\\\/\\\/www.burghof-kyf.de\\\/en\\\/wichtige-info-3\\\/#webpage\"},\"isPartOf\":{\"@id\":\"https:\\\/\\\/www.burghof-kyf.de\\\/en\\\/wichtige-info-3\\\/#webpage\"},\"articleSection\":\"Allgemein\"},{\"@type\":\"BreadcrumbList\",\"@id\":\"https:\\\/\\\/www.burghof-kyf.de\\\/en\\\/wichtige-info-3\\\/#breadcrumblist\",\"itemListElement\":[{\"@type\":\"ListItem\",\"@id\":\"https:\\\/\\\/www.burghof-kyf.de\\\/en#listItem\",\"position\":1,\"name\":\"Home\",\"item\":\"https:\\\/\\\/www.burghof-kyf.de\\\/en\",\"nextItem\":{\"@type\":\"ListItem\",\"@id\":\"https:\\\/\\\/www.burghof-kyf.de\\\/en\\\/category\\\/allgemein\\\/#listItem\",\"name\":\"Allgemein\"}},{\"@type\":\"ListItem\",\"@id\":\"https:\\\/\\\/www.burghof-kyf.de\\\/en\\\/category\\\/allgemein\\\/#listItem\",\"position\":2,\"name\":\"Allgemein\",\"item\":\"https:\\\/\\\/www.burghof-kyf.de\\\/en\\\/category\\\/allgemein\\\/\",\"nextItem\":{\"@type\":\"ListItem\",\"@id\":\"https:\\\/\\\/www.burghof-kyf.de\\\/en\\\/wichtige-info-3\\\/#listItem\",\"name\":\"Wichtige Info!\"},\"previousItem\":{\"@type\":\"ListItem\",\"@id\":\"https:\\\/\\\/www.burghof-kyf.de\\\/en#listItem\",\"name\":\"Home\"}},{\"@type\":\"ListItem\",\"@id\":\"https:\\\/\\\/www.burghof-kyf.de\\\/en\\\/wichtige-info-3\\\/#listItem\",\"position\":3,\"name\":\"Wichtige Info!\",\"previousItem\":{\"@type\":\"ListItem\",\"@id\":\"https:\\\/\\\/www.burghof-kyf.de\\\/en\\\/category\\\/allgemein\\\/#listItem\",\"name\":\"Allgemein\"}}]},{\"@type\":\"Organization\",\"@id\":\"https:\\\/\\\/www.burghof-kyf.de\\\/en\\\/#organization\",\"name\":\"www.burghof-kyf.de\",\"description\":\"Heute ein Kaiser!\",\"url\":\"https:\\\/\\\/www.burghof-kyf.de\\\/en\\\/\",\"telephone\":\"+493465145222\",\"logo\":{\"@type\":\"ImageObject\",\"url\":\"https:\\\/\\\/www.burghof-kyf.de\\\/wp-content\\\/uploads\\\/2024\\\/04\\\/20210607-Emblem.png\",\"@id\":\"https:\\\/\\\/www.burghof-kyf.de\\\/en\\\/wichtige-info-3\\\/#organizationLogo\",\"width\":785,\"height\":926},\"image\":{\"@id\":\"https:\\\/\\\/www.burghof-kyf.de\\\/en\\\/wichtige-info-3\\\/#organizationLogo\"},\"sameAs\":[\"https:\\\/\\\/www.facebook.com\\\/people\\\/Burghof-Kyffhuser\\\/100053175236025\\\/\",\"https:\\\/\\\/www.instagram.com\\\/burghof.kyffhaeuser\\\/\"]},{\"@type\":\"Person\",\"@id\":\"https:\\\/\\\/www.burghof-kyf.de\\\/en\\\/author\\\/burghof\\\/#author\",\"url\":\"https:\\\/\\\/www.burghof-kyf.de\\\/en\\\/author\\\/burghof\\\/\",\"name\":\"HS\",\"image\":{\"@type\":\"ImageObject\",\"@id\":\"https:\\\/\\\/www.burghof-kyf.de\\\/en\\\/wichtige-info-3\\\/#authorImage\",\"url\":\"https:\\\/\\\/secure.gravatar.com\\\/avatar\\\/14e204871f863463fe1b05d753efe0c0ceef5b3a2f89c75edd5f6e196a13efa8?s=96&d=retro&r=g\",\"width\":96,\"height\":96,\"caption\":\"HS\"}},{\"@type\":\"WebPage\",\"@id\":\"https:\\\/\\\/www.burghof-kyf.de\\\/en\\\/wichtige-info-3\\\/#webpage\",\"url\":\"https:\\\/\\\/www.burghof-kyf.de\\\/en\\\/wichtige-info-3\\\/\",\"name\":\"Wichtige Info! - www.burghof-kyf.de\",\"description\":\"Liebe Freundinnen und Freunde des Burghofs, am Sonntag, den 06.09.26 schlie\\u00dft unser Restaurant f\\u00fcr den regul\\u00e4ren Betrieb ab 14:30 Uhr. Wir begr\\u00fc\\u00dfen an diesem Tag die Musikschule Fr\\u00f6hlich zu Ihrem Abschlusskonzert. Wir w\\u00fcnschen Allen Teilnehmern viel Spa\\u00df bei der Veranstaltung. Am Montag den 07.09.26, sind wir wieder ab 14:00 Uhr f\\u00fcr euch da! Vielen Dank\",\"inLanguage\":\"en-US\",\"isPartOf\":{\"@id\":\"https:\\\/\\\/www.burghof-kyf.de\\\/en\\\/#website\"},\"breadcrumb\":{\"@id\":\"https:\\\/\\\/www.burghof-kyf.de\\\/en\\\/wichtige-info-3\\\/#breadcrumblist\"},\"author\":{\"@id\":\"https:\\\/\\\/www.burghof-kyf.de\\\/en\\\/author\\\/burghof\\\/#author\"},\"creator\":{\"@id\":\"https:\\\/\\\/www.burghof-kyf.de\\\/en\\\/author\\\/burghof\\\/#author\"},\"image\":{\"@type\":\"ImageObject\",\"url\":\"https:\\\/\\\/www.burghof-kyf.de\\\/wp-content\\\/uploads\\\/2026\\\/08\\\/Sonntag-06.09.2026.jpg\",\"@id\":\"https:\\\/\\\/www.burghof-kyf.de\\\/en\\\/wichtige-info-3\\\/#mainImage\",\"width\":1080,\"height\":1350},\"primaryImageOfPage\":{\"@id\":\"https:\\\/\\\/www.burghof-kyf.de\\\/en\\\/wichtige-info-3\\\/#mainImage\"},\"datePublished\":\"2026-08-31T13:54:35+02:00\",\"dateModified\":\"2026-08-31T13:54:37+02:00\"},{\"@type\":\"WebSite\",\"@id\":\"https:\\\/\\\/www.burghof-kyf.de\\\/en\\\/#website\",\"url\":\"https:\\\/\\\/www.burghof-kyf.de\\\/en\\\/\",\"name\":\"www.burghof-kyf.de\",\"description\":\"Heute ein Kaiser!\",\"inLanguage\":\"en-US\",\"publisher\":{\"@id\":\"https:\\\/\\\/www.burghof-kyf.de\\\/en\\\/#organization\"}}]}\n\t\t<\/script>\n\t\t<!-- All in One SEO -->\n\n","aioseo_head_json":{"title":"Wichtige Info! - www.burghof-kyf.de","description":"Liebe Freundinnen und Freunde des Burghofs, am Sonntag, den 06.09.26 schlie\u00dft unser Restaurant f\u00fcr den regul\u00e4ren Betrieb ab 14:30 Uhr. Wir begr\u00fc\u00dfen an diesem Tag die Musikschule Fr\u00f6hlich zu Ihrem Abschlusskonzert. Wir w\u00fcnschen Allen Teilnehmern viel Spa\u00df bei der Veranstaltung. Am Montag den 07.09.26, sind wir wieder ab 14:00 Uhr f\u00fcr euch da! Vielen Dank","canonical_url":"https:\/\/www.burghof-kyf.de\/en\/wichtige-info-3\/","robots":"max-image-preview:large","keywords":"","webmasterTools":{"google-site-verification":"_vsXsg-qOuu8G6U2eEbiYQZMQtLI0UHXmSjCQ98FNxk","miscellaneous":""},"schema":{"@context":"https:\/\/schema.org","@graph":[{"@type":"BlogPosting","@id":"https:\/\/www.burghof-kyf.de\/en\/wichtige-info-3\/#blogposting","name":"Wichtige Info! - www.burghof-kyf.de","headline":"Wichtige Info!","author":{"@id":"https:\/\/www.burghof-kyf.de\/en\/author\/burghof\/#author"},"publisher":{"@id":"https:\/\/www.burghof-kyf.de\/en\/#organization"},"image":{"@type":"ImageObject","url":"https:\/\/www.burghof-kyf.de\/wp-content\/uploads\/2026\/08\/Sonntag-06.09.2026.jpg","width":1080,"height":1350},"datePublished":"2026-08-31T13:54:35+02:00","dateModified":"2026-08-31T13:54:37+02:00","inLanguage":"en-US","mainEntityOfPage":{"@id":"https:\/\/www.burghof-kyf.de\/en\/wichtige-info-3\/#webpage"},"isPartOf":{"@id":"https:\/\/www.burghof-kyf.de\/en\/wichtige-info-3\/#webpage"},"articleSection":"Allgemein"},{"@type":"BreadcrumbList","@id":"https:\/\/www.burghof-kyf.de\/en\/wichtige-info-3\/#breadcrumblist","itemListElement":[{"@type":"ListItem","@id":"https:\/\/www.burghof-kyf.de\/en#listItem","position":1,"name":"Home","item":"https:\/\/www.burghof-kyf.de\/en","nextItem":{"@type":"ListItem","@id":"https:\/\/www.burghof-kyf.de\/en\/category\/allgemein\/#listItem","name":"Allgemein"}},{"@type":"ListItem","@id":"https:\/\/www.burghof-kyf.de\/en\/category\/allgemein\/#listItem","position":2,"name":"Allgemein","item":"https:\/\/www.burghof-kyf.de\/en\/category\/allgemein\/","nextItem":{"@type":"ListItem","@id":"https:\/\/www.burghof-kyf.de\/en\/wichtige-info-3\/#listItem","name":"Wichtige Info!"},"previousItem":{"@type":"ListItem","@id":"https:\/\/www.burghof-kyf.de\/en#listItem","name":"Home"}},{"@type":"ListItem","@id":"https:\/\/www.burghof-kyf.de\/en\/wichtige-info-3\/#listItem","position":3,"name":"Wichtige Info!","previousItem":{"@type":"ListItem","@id":"https:\/\/www.burghof-kyf.de\/en\/category\/allgemein\/#listItem","name":"Allgemein"}}]},{"@type":"Organization","@id":"https:\/\/www.burghof-kyf.de\/en\/#organization","name":"www.burghof-kyf.de","description":"Heute ein Kaiser!","url":"https:\/\/www.burghof-kyf.de\/en\/","telephone":"+493465145222","logo":{"@type":"ImageObject","url":"https:\/\/www.burghof-kyf.de\/wp-content\/uploads\/2024\/04\/20210607-Emblem.png","@id":"https:\/\/www.burghof-kyf.de\/en\/wichtige-info-3\/#organizationLogo","width":785,"height":926},"image":{"@id":"https:\/\/www.burghof-kyf.de\/en\/wichtige-info-3\/#organizationLogo"},"sameAs":["https:\/\/www.facebook.com\/people\/Burghof-Kyffhuser\/100053175236025\/","https:\/\/www.instagram.com\/burghof.kyffhaeuser\/"]},{"@type":"Person","@id":"https:\/\/www.burghof-kyf.de\/en\/author\/burghof\/#author","url":"https:\/\/www.burghof-kyf.de\/en\/author\/burghof\/","name":"HS","image":{"@type":"ImageObject","@id":"https:\/\/www.burghof-kyf.de\/en\/wichtige-info-3\/#authorImage","url":"https:\/\/secure.gravatar.com\/avatar\/14e204871f863463fe1b05d753efe0c0ceef5b3a2f89c75edd5f6e196a13efa8?s=96&d=retro&r=g","width":96,"height":96,"caption":"HS"}},{"@type":"WebPage","@id":"https:\/\/www.burghof-kyf.de\/en\/wichtige-info-3\/#webpage","url":"https:\/\/www.burghof-kyf.de\/en\/wichtige-info-3\/","name":"Wichtige Info! - www.burghof-kyf.de","description":"Liebe Freundinnen und Freunde des Burghofs, am Sonntag, den 06.09.26 schlie\u00dft unser Restaurant f\u00fcr den regul\u00e4ren Betrieb ab 14:30 Uhr. Wir begr\u00fc\u00dfen an diesem Tag die Musikschule Fr\u00f6hlich zu Ihrem Abschlusskonzert. Wir w\u00fcnschen Allen Teilnehmern viel Spa\u00df bei der Veranstaltung. Am Montag den 07.09.26, sind wir wieder ab 14:00 Uhr f\u00fcr euch da! Vielen Dank","inLanguage":"en-US","isPartOf":{"@id":"https:\/\/www.burghof-kyf.de\/en\/#website"},"breadcrumb":{"@id":"https:\/\/www.burghof-kyf.de\/en\/wichtige-info-3\/#breadcrumblist"},"author":{"@id":"https:\/\/www.burghof-kyf.de\/en\/author\/burghof\/#author"},"creator":{"@id":"https:\/\/www.burghof-kyf.de\/en\/author\/burghof\/#author"},"image":{"@type":"ImageObject","url":"https:\/\/www.burghof-kyf.de\/wp-content\/uploads\/2026\/08\/Sonntag-06.09.2026.jpg","@id":"https:\/\/www.burghof-kyf.de\/en\/wichtige-info-3\/#mainImage","width":1080,"height":1350},"primaryImageOfPage":{"@id":"https:\/\/www.burghof-kyf.de\/en\/wichtige-info-3\/#mainImage"},"datePublished":"2026-08-31T13:54:35+02:00","dateModified":"2026-08-31T13:54:37+02:00"},{"@type":"WebSite","@id":"https:\/\/www.burghof-kyf.de\/en\/#website","url":"https:\/\/www.burghof-kyf.de\/en\/","name":"www.burghof-kyf.de","description":"Heute ein Kaiser!","inLanguage":"en-US","publisher":{"@id":"https:\/\/www.burghof-kyf.de\/en\/#organization"}}]},"og:locale":"en_US","og:site_name":"www.burghof-kyf.de - Heute ein Kaiser!","og:type":"article","og:title":"Wichtige Info! - www.burghof-kyf.de","og:description":"Liebe Freundinnen und Freunde des Burghofs, am Sonntag, den 06.09.26 schlie\u00dft unser Restaurant f\u00fcr den regul\u00e4ren Betrieb ab 14:30 Uhr. Wir begr\u00fc\u00dfen an diesem Tag die Musikschule Fr\u00f6hlich zu Ihrem Abschlusskonzert. Wir w\u00fcnschen Allen Teilnehmern viel Spa\u00df bei der Veranstaltung. Am Montag den 07.09.26, sind wir wieder ab 14:00 Uhr f\u00fcr euch da! Vielen Dank","og:url":"https:\/\/www.burghof-kyf.de\/en\/wichtige-info-3\/","og:image":"https:\/\/www.burghof-kyf.de\/wp-content\/uploads\/2020\/12\/2021-Logo-Button-schwarz-e1712925178915.png","og:image:secure_url":"https:\/\/www.burghof-kyf.de\/wp-content\/uploads\/2020\/12\/2021-Logo-Button-schwarz-e1712925178915.png","og:image:width":80,"og:image:height":80,"article:published_time":"2026-08-31T11:54:35+00:00","article:modified_time":"2026-08-31T11:54:37+00:00","article:publisher":"https:\/\/www.facebook.com\/people\/Burghof-Kyffhuser\/100053175236025\/","twitter:card":"summary_large_image","twitter:title":"Wichtige Info! - www.burghof-kyf.de","twitter:description":"Liebe Freundinnen und Freunde des Burghofs, am Sonntag, den 06.09.26 schlie\u00dft unser Restaurant f\u00fcr den regul\u00e4ren Betrieb ab 14:30 Uhr. Wir begr\u00fc\u00dfen an diesem Tag die Musikschule Fr\u00f6hlich zu Ihrem Abschlusskonzert. Wir w\u00fcnschen Allen Teilnehmern viel Spa\u00df bei der Veranstaltung. Am Montag den 07.09.26, sind wir wieder ab 14:00 Uhr f\u00fcr euch da! Vielen Dank","twitter:image":"https:\/\/www.burghof-kyf.de\/wp-content\/uploads\/2020\/12\/2021-Logo-Button-schwarz-e1712925178915.png"},"aioseo_meta_data":{"post_id":"5662","title":null,"description":null,"keywords":null,"keyphrases":{"focus":{"keyphrase":"","score":0,"analysis":{"keyphraseInTitle":{"score":0,"maxScore":9,"error":1}}},"additional":[]},"primary_term":null,"canonical_url":null,"og_title":null,"og_description":null,"og_object_type":"default","og_image_type":"default","og_image_url":null,"og_image_width":null,"og_image_height":null,"og_image_custom_url":null,"og_image_custom_fields":null,"og_video":"","og_custom_url":null,"og_article_section":null,"og_article_tags":null,"twitter_use_og":false,"twitter_card":"default","twitter_image_type":"default","twitter_image_url":null,"twitter_image_custom_url":null,"twitter_image_custom_fields":null,"twitter_title":null,"twitter_description":null,"schema":{"blockGraphs":[],"customGraphs":[],"default":{"data":{"Article":[],"Course":[],"Dataset":[],"FAQPage":[],"Movie":[],"Person":[],"Product":[],"ProductReview":[],"Car":[],"Recipe":[],"Service":[],"SoftwareApplication":[],"WebPage":[]},"graphName":"BlogPosting","isEnabled":true},"graphs":[]},"schema_type":"default","schema_type_options":null,"pillar_content":false,"robots_default":true,"robots_noindex":false,"robots_noarchive":false,"robots_nosnippet":false,"robots_nofollow":false,"robots_noimageindex":false,"robots_noodp":false,"robots_notranslate":false,"robots_max_snippet":"-1","robots_max_videopreview":"-1","robots_max_imagepreview":"large","priority":null,"frequency":"default","local_seo":null,"breadcrumb_settings":null,"limit_modified_date":false,"ai":{"faqs":[],"keyPoints":[],"schemas":[],"titles":[],"descriptions":[],"socialPosts":{"email":{"subject":"","preview":"","content":""},"linkedin":[],"twitter":[],"facebook":[],"instagram":[]}},"created":"2026-08-31 11:19:51","updated":"2026-08-31 12:10:11","seo_analyzer_scan_date":null,"focus_keyword":null,"additional_keywords":null,"truseo_locale":null},"aioseo_breadcrumb":"<div class=\"aioseo-breadcrumbs\"><span class=\"aioseo-breadcrumb\">\n\t\t\t<a href=\"https:\/\/www.burghof-kyf.de\/en\" title=\"Home\">Home<\/a>\n\t\t<\/span><span class=\"aioseo-breadcrumb-separator\">&raquo;<\/span><span class=\"aioseo-breadcrumb\">\n\t\t\t<a href=\"https:\/\/www.burghof-kyf.de\/en\/category\/allgemein\/\" title=\"Allgemein\">Allgemein<\/a>\n\t\t<\/span><span class=\"aioseo-breadcrumb-separator\">&raquo;<\/span><span class=\"aioseo-breadcrumb\">\n\t\t\tWichtige Info!\n\t\t<\/span><\/div>","aioseo_breadcrumb_json":[{"label":"Home","link":"https:\/\/www.burghof-kyf.de\/en"},{"label":"Allgemein","link":"https:\/\/www.burghof-kyf.de\/en\/category\/allgemein\/"},{"label":"Wichtige Info!","link":"https:\/\/www.burghof-kyf.de\/en\/wichtige-info-3\/"}],"_links":{"self":[{"href":"https:\/\/www.burghof-kyf.de\/en\/wp-json\/wp\/v2\/posts\/5662","targetHints":{"allow":["GET"]}}],"collection":[{"href":"https:\/\/www.burghof-kyf.de\/en\/wp-json\/wp\/v2\/posts"}],"about":[{"href":"https:\/\/www.burghof-kyf.de\/en\/wp-json\/wp\/v2\/types\/post"}],"author":[{"embeddable":true,"href":"https:\/\/www.burghof-kyf.de\/en\/wp-json\/wp\/v2\/users\/1"}],"replies":[{"embeddable":true,"href":"https:\/\/www.burghof-kyf.de\/en\/wp-json\/wp\/v2\/comments?post=5662"}],"version-history":[{"count":1,"href":"https:\/\/www.burghof-kyf.de\/en\/wp-json\/wp\/v2\/posts\/5662\/revisions"}],"predecessor-version":[{"id":5665,"href":"https:\/\/www.burghof-kyf.de\/en\/wp-json\/wp\/v2\/posts\/5662\/revisions\/5665"}],"wp:featuredmedia":[{"embeddable":true,"href":"https:\/\/www.burghof-kyf.de\/en\/wp-json\/wp\/v2\/media\/5664"}],"wp:attachment":[{"href":"https:\/\/www.burghof-kyf.de\/en\/wp-json\/wp\/v2\/media?parent=5662"}],"wp:term":[{"taxonomy":"category","embeddable":true,"href":"https:\/\/www.burghof-kyf.de\/en\/wp-json\/wp\/v2\/categories?post=5662"},{"taxonomy":"post_tag","embeddable":true,"href":"https:\/\/www.burghof-kyf.de\/en\/wp-json\/wp\/v2\/tags?post=5662"}],"curies":[{"name":"wp","href":"https:\/\/api.w.org\/{rel}","templated":true}]}}